

{"id":428,"date":"2016-02-04T16:23:55","date_gmt":"2016-02-04T16:23:55","guid":{"rendered":"http:\/\/tlv.fr\/dai-concetti-architettonico-goodwood-alla-nuova-maternita-a-poitiers\/"},"modified":"2022-09-26T14:12:18","modified_gmt":"2022-09-26T14:12:18","slug":"dai-concetti-architettonico-goodwood-alla-nuova-maternita-a-poitiers","status":"publish","type":"post","link":"https:\/\/www.tlv.fr\/it\/notizie\/dai-concetti-architettonico-goodwood-alla-nuova-maternita-a-poitiers\/","title":{"rendered":"DAI CONCETTI ARCHITETTONICO GOODWOOD ALLA NUOVA MATERNITA\u2019 A POITIERS"},"content":{"rendered":"<p style=\"text-align: justify;\">La nuova maternit\u00e0 dell\u2019ospedale di Poitiers \u00e8 stata inaugurata lo scorso settembre. Una venina di stanza sono state rinnovate con un\u2019architettura pi\u00f9 moderna, pi\u00f9 colorata scondo una vera concezione alberghiera. Tutto \u00e8 stato ripensato per offrire un offrire un miglior comfort ai pazienti. La maternit\u00e0 continuer\u00e0 la sua modernizzazione col prosieguo dei lavori della seconda ala (20 ulteriori stanze)   che termineranno nell\u2019estate del 2016.<br \/>\nTLV ha attrezzato le camere di degenza col concetti architettonico GOODWOOD compeltato da uno spot di lettura FLEX-E a LED. L\u2019insieme dei servizi elettrici e gas medicali sono dissimulati sui lati del modulo al fine di contribuire all\u2019estetica globale della stanza.\n<\/p>\n<p>&nbsp;<\/p>\n\n","protected":false},"excerpt":{"rendered":"<p>La nuova maternit\u00e0 dell\u2019ospedale di Poitiers \u00e8 stata inaugurata lo scorso settembre. Una venina di stanza sono state rinnovate con un\u2019architettura pi\u00f9 moderna, pi\u00f9 colorata scondo una vera concezione alberghiera. Tutto \u00e8 stato ripensato per offrire un offrire un miglior comfort ai pazienti. La maternit\u00e0 continuer\u00e0 la sua modernizzazione col prosieguo dei lavori della seconda [&hellip;]<\/p>\n","protected":false},"author":1,"featured_media":336,"comment_status":"open","ping_status":"open","sticky":false,"template":"","format":"standard","meta":{"_acf_changed":false,"_seopress_robots_primary_cat":"","_seopress_titles_title":"","_seopress_titles_desc":"","_seopress_robots_index":"","_et_pb_use_builder":"","_et_pb_old_content":"","_et_gb_content_width":"","footnotes":""},"categories":[16],"tags":[],"class_list":["post-428","post","type-post","status-publish","format-standard","has-post-thumbnail","hentry","category-notizie"],"acf":[],"yoast_head":"<!-- This site is optimized with the Yoast SEO plugin v27.0 - https:\/\/yoast.com\/product\/yoast-seo-wordpress\/ -->\n<title>DAI CONCETTI ARCHITETTONICO GOODWOOD ALLA NUOVA MATERNITA\u2019 A POITIERS - TLV healthcare<\/title>\n<meta name=\"robots\" content=\"index, follow, max-snippet:-1, max-image-preview:large, max-video-preview:-1\" \/>\n<link rel=\"canonical\" href=\"https:\/\/www.tlv.fr\/it\/notizie\/dai-concetti-architettonico-goodwood-alla-nuova-maternita-a-poitiers\/\" \/>\n<meta property=\"og:locale\" content=\"it_IT\" \/>\n<meta property=\"og:type\" content=\"article\" \/>\n<meta property=\"og:title\" content=\"DAI CONCETTI ARCHITETTONICO GOODWOOD ALLA NUOVA MATERNITA\u2019 A POITIERS - TLV healthcare\" \/>\n<meta property=\"og:description\" content=\"La nuova maternit\u00e0 dell\u2019ospedale di Poitiers \u00e8 stata inaugurata lo scorso settembre. Una venina di stanza sono state rinnovate con un\u2019architettura pi\u00f9 moderna, pi\u00f9 colorata scondo una vera concezione alberghiera. Tutto \u00e8 stato ripensato per offrire un offrire un miglior comfort ai pazienti. La maternit\u00e0 continuer\u00e0 la sua modernizzazione col prosieguo dei lavori della seconda [&hellip;]\" \/>\n<meta property=\"og:site_name\" content=\"TLV healthcare\" \/>\n<meta property=\"article:published_time\" content=\"2016-02-04T16:23:55+00:00\" \/>\n<meta property=\"article:modified_time\" content=\"2022-09-26T14:12:18+00:00\" \/>\n<meta property=\"og:image\" content=\"https:\/\/www.tlv.fr\/wp-content\/uploads\/2022\/03\/chu-maternite-poitiers-230x2302-1.jpg\" \/>\n\t<meta property=\"og:image:width\" content=\"230\" \/>\n\t<meta property=\"og:image:height\" content=\"230\" \/>\n\t<meta property=\"og:image:type\" content=\"image\/jpeg\" \/>\n<meta name=\"author\" content=\"Verdoreille\" \/>\n<meta name=\"twitter:card\" content=\"summary_large_image\" \/>\n<meta name=\"twitter:label1\" content=\"Scritto da\" \/>\n\t<meta name=\"twitter:data1\" content=\"Verdoreille\" \/>\n\t<meta name=\"twitter:label2\" content=\"Tempo di lettura stimato\" \/>\n\t<meta name=\"twitter:data2\" content=\"1 minuto\" \/>\n<script type=\"application\/ld+json\" class=\"yoast-schema-graph\">{\"@context\":\"https:\/\/schema.org\",\"@graph\":[{\"@type\":\"Article\",\"@id\":\"https:\/\/www.tlv.fr\/it\/notizie\/dai-concetti-architettonico-goodwood-alla-nuova-maternita-a-poitiers\/#article\",\"isPartOf\":{\"@id\":\"https:\/\/www.tlv.fr\/it\/notizie\/dai-concetti-architettonico-goodwood-alla-nuova-maternita-a-poitiers\/\"},\"author\":{\"name\":\"Verdoreille\",\"@id\":\"https:\/\/www.tlv.fr\/#\/schema\/person\/2f85a497e752dac7d76607b3a3927edb\"},\"headline\":\"DAI CONCETTI ARCHITETTONICO GOODWOOD ALLA NUOVA MATERNITA\u2019 A POITIERS\",\"datePublished\":\"2016-02-04T16:23:55+00:00\",\"dateModified\":\"2022-09-26T14:12:18+00:00\",\"mainEntityOfPage\":{\"@id\":\"https:\/\/www.tlv.fr\/it\/notizie\/dai-concetti-architettonico-goodwood-alla-nuova-maternita-a-poitiers\/\"},\"wordCount\":171,\"commentCount\":0,\"image\":{\"@id\":\"https:\/\/www.tlv.fr\/it\/notizie\/dai-concetti-architettonico-goodwood-alla-nuova-maternita-a-poitiers\/#primaryimage\"},\"thumbnailUrl\":\"https:\/\/www.tlv.fr\/wp-content\/uploads\/2022\/03\/chu-maternite-poitiers-230x2302-1.jpg\",\"articleSection\":[\"Notizie\"],\"inLanguage\":\"it-IT\",\"potentialAction\":[{\"@type\":\"CommentAction\",\"name\":\"Comment\",\"target\":[\"https:\/\/www.tlv.fr\/it\/notizie\/dai-concetti-architettonico-goodwood-alla-nuova-maternita-a-poitiers\/#respond\"]}]},{\"@type\":\"WebPage\",\"@id\":\"https:\/\/www.tlv.fr\/it\/notizie\/dai-concetti-architettonico-goodwood-alla-nuova-maternita-a-poitiers\/\",\"url\":\"https:\/\/www.tlv.fr\/it\/notizie\/dai-concetti-architettonico-goodwood-alla-nuova-maternita-a-poitiers\/\",\"name\":\"DAI CONCETTI ARCHITETTONICO GOODWOOD ALLA NUOVA MATERNITA\u2019 A POITIERS - TLV healthcare\",\"isPartOf\":{\"@id\":\"https:\/\/www.tlv.fr\/#website\"},\"primaryImageOfPage\":{\"@id\":\"https:\/\/www.tlv.fr\/it\/notizie\/dai-concetti-architettonico-goodwood-alla-nuova-maternita-a-poitiers\/#primaryimage\"},\"image\":{\"@id\":\"https:\/\/www.tlv.fr\/it\/notizie\/dai-concetti-architettonico-goodwood-alla-nuova-maternita-a-poitiers\/#primaryimage\"},\"thumbnailUrl\":\"https:\/\/www.tlv.fr\/wp-content\/uploads\/2022\/03\/chu-maternite-poitiers-230x2302-1.jpg\",\"datePublished\":\"2016-02-04T16:23:55+00:00\",\"dateModified\":\"2022-09-26T14:12:18+00:00\",\"author\":{\"@id\":\"https:\/\/www.tlv.fr\/#\/schema\/person\/2f85a497e752dac7d76607b3a3927edb\"},\"breadcrumb\":{\"@id\":\"https:\/\/www.tlv.fr\/it\/notizie\/dai-concetti-architettonico-goodwood-alla-nuova-maternita-a-poitiers\/#breadcrumb\"},\"inLanguage\":\"it-IT\",\"potentialAction\":[{\"@type\":\"ReadAction\",\"target\":[\"https:\/\/www.tlv.fr\/it\/notizie\/dai-concetti-architettonico-goodwood-alla-nuova-maternita-a-poitiers\/\"]}]},{\"@type\":\"ImageObject\",\"inLanguage\":\"it-IT\",\"@id\":\"https:\/\/www.tlv.fr\/it\/notizie\/dai-concetti-architettonico-goodwood-alla-nuova-maternita-a-poitiers\/#primaryimage\",\"url\":\"https:\/\/www.tlv.fr\/wp-content\/uploads\/2022\/03\/chu-maternite-poitiers-230x2302-1.jpg\",\"contentUrl\":\"https:\/\/www.tlv.fr\/wp-content\/uploads\/2022\/03\/chu-maternite-poitiers-230x2302-1.jpg\",\"width\":230,\"height\":230},{\"@type\":\"BreadcrumbList\",\"@id\":\"https:\/\/www.tlv.fr\/it\/notizie\/dai-concetti-architettonico-goodwood-alla-nuova-maternita-a-poitiers\/#breadcrumb\",\"itemListElement\":[{\"@type\":\"ListItem\",\"position\":1,\"name\":\"Accueil\",\"item\":\"https:\/\/www.tlv.fr\/it\/\"},{\"@type\":\"ListItem\",\"position\":2,\"name\":\"DAI CONCETTI ARCHITETTONICO GOODWOOD ALLA NUOVA MATERNITA\u2019 A POITIERS\"}]},{\"@type\":\"WebSite\",\"@id\":\"https:\/\/www.tlv.fr\/#website\",\"url\":\"https:\/\/www.tlv.fr\/\",\"name\":\"TLV healthcare\",\"description\":\"Progettista e produttore francese di unit\u00e0 e apparecchiature di illuminazione per ospedali\",\"potentialAction\":[{\"@type\":\"SearchAction\",\"target\":{\"@type\":\"EntryPoint\",\"urlTemplate\":\"https:\/\/www.tlv.fr\/?s={search_term_string}\"},\"query-input\":{\"@type\":\"PropertyValueSpecification\",\"valueRequired\":true,\"valueName\":\"search_term_string\"}}],\"inLanguage\":\"it-IT\"},{\"@type\":\"Person\",\"@id\":\"https:\/\/www.tlv.fr\/#\/schema\/person\/2f85a497e752dac7d76607b3a3927edb\",\"name\":\"Verdoreille\",\"sameAs\":[\"http:\/\/tlv.fr\"],\"url\":\"https:\/\/www.tlv.fr\/it\/author\/verdoreille\/\"}]}<\/script>\n<!-- \/ Yoast SEO plugin. -->","yoast_head_json":{"title":"DAI CONCETTI ARCHITETTONICO GOODWOOD ALLA NUOVA MATERNITA\u2019 A POITIERS - TLV healthcare","robots":{"index":"index","follow":"follow","max-snippet":"max-snippet:-1","max-image-preview":"max-image-preview:large","max-video-preview":"max-video-preview:-1"},"canonical":"https:\/\/www.tlv.fr\/it\/notizie\/dai-concetti-architettonico-goodwood-alla-nuova-maternita-a-poitiers\/","og_locale":"it_IT","og_type":"article","og_title":"DAI CONCETTI ARCHITETTONICO GOODWOOD ALLA NUOVA MATERNITA\u2019 A POITIERS - TLV healthcare","og_description":"La nuova maternit\u00e0 dell\u2019ospedale di Poitiers \u00e8 stata inaugurata lo scorso settembre. Una venina di stanza sono state rinnovate con un\u2019architettura pi\u00f9 moderna, pi\u00f9 colorata scondo una vera concezione alberghiera. Tutto \u00e8 stato ripensato per offrire un offrire un miglior comfort ai pazienti. La maternit\u00e0 continuer\u00e0 la sua modernizzazione col prosieguo dei lavori della seconda [&hellip;]","og_site_name":"TLV healthcare","article_published_time":"2016-02-04T16:23:55+00:00","article_modified_time":"2022-09-26T14:12:18+00:00","og_image":[{"width":230,"height":230,"url":"https:\/\/www.tlv.fr\/wp-content\/uploads\/2022\/03\/chu-maternite-poitiers-230x2302-1.jpg","type":"image\/jpeg"}],"author":"Verdoreille","twitter_card":"summary_large_image","twitter_misc":{"Scritto da":"Verdoreille","Tempo di lettura stimato":"1 minuto"},"schema":{"@context":"https:\/\/schema.org","@graph":[{"@type":"Article","@id":"https:\/\/www.tlv.fr\/it\/notizie\/dai-concetti-architettonico-goodwood-alla-nuova-maternita-a-poitiers\/#article","isPartOf":{"@id":"https:\/\/www.tlv.fr\/it\/notizie\/dai-concetti-architettonico-goodwood-alla-nuova-maternita-a-poitiers\/"},"author":{"name":"Verdoreille","@id":"https:\/\/www.tlv.fr\/#\/schema\/person\/2f85a497e752dac7d76607b3a3927edb"},"headline":"DAI CONCETTI ARCHITETTONICO GOODWOOD ALLA NUOVA MATERNITA\u2019 A POITIERS","datePublished":"2016-02-04T16:23:55+00:00","dateModified":"2022-09-26T14:12:18+00:00","mainEntityOfPage":{"@id":"https:\/\/www.tlv.fr\/it\/notizie\/dai-concetti-architettonico-goodwood-alla-nuova-maternita-a-poitiers\/"},"wordCount":171,"commentCount":0,"image":{"@id":"https:\/\/www.tlv.fr\/it\/notizie\/dai-concetti-architettonico-goodwood-alla-nuova-maternita-a-poitiers\/#primaryimage"},"thumbnailUrl":"https:\/\/www.tlv.fr\/wp-content\/uploads\/2022\/03\/chu-maternite-poitiers-230x2302-1.jpg","articleSection":["Notizie"],"inLanguage":"it-IT","potentialAction":[{"@type":"CommentAction","name":"Comment","target":["https:\/\/www.tlv.fr\/it\/notizie\/dai-concetti-architettonico-goodwood-alla-nuova-maternita-a-poitiers\/#respond"]}]},{"@type":"WebPage","@id":"https:\/\/www.tlv.fr\/it\/notizie\/dai-concetti-architettonico-goodwood-alla-nuova-maternita-a-poitiers\/","url":"https:\/\/www.tlv.fr\/it\/notizie\/dai-concetti-architettonico-goodwood-alla-nuova-maternita-a-poitiers\/","name":"DAI CONCETTI ARCHITETTONICO GOODWOOD ALLA NUOVA MATERNITA\u2019 A POITIERS - TLV healthcare","isPartOf":{"@id":"https:\/\/www.tlv.fr\/#website"},"primaryImageOfPage":{"@id":"https:\/\/www.tlv.fr\/it\/notizie\/dai-concetti-architettonico-goodwood-alla-nuova-maternita-a-poitiers\/#primaryimage"},"image":{"@id":"https:\/\/www.tlv.fr\/it\/notizie\/dai-concetti-architettonico-goodwood-alla-nuova-maternita-a-poitiers\/#primaryimage"},"thumbnailUrl":"https:\/\/www.tlv.fr\/wp-content\/uploads\/2022\/03\/chu-maternite-poitiers-230x2302-1.jpg","datePublished":"2016-02-04T16:23:55+00:00","dateModified":"2022-09-26T14:12:18+00:00","author":{"@id":"https:\/\/www.tlv.fr\/#\/schema\/person\/2f85a497e752dac7d76607b3a3927edb"},"breadcrumb":{"@id":"https:\/\/www.tlv.fr\/it\/notizie\/dai-concetti-architettonico-goodwood-alla-nuova-maternita-a-poitiers\/#breadcrumb"},"inLanguage":"it-IT","potentialAction":[{"@type":"ReadAction","target":["https:\/\/www.tlv.fr\/it\/notizie\/dai-concetti-architettonico-goodwood-alla-nuova-maternita-a-poitiers\/"]}]},{"@type":"ImageObject","inLanguage":"it-IT","@id":"https:\/\/www.tlv.fr\/it\/notizie\/dai-concetti-architettonico-goodwood-alla-nuova-maternita-a-poitiers\/#primaryimage","url":"https:\/\/www.tlv.fr\/wp-content\/uploads\/2022\/03\/chu-maternite-poitiers-230x2302-1.jpg","contentUrl":"https:\/\/www.tlv.fr\/wp-content\/uploads\/2022\/03\/chu-maternite-poitiers-230x2302-1.jpg","width":230,"height":230},{"@type":"BreadcrumbList","@id":"https:\/\/www.tlv.fr\/it\/notizie\/dai-concetti-architettonico-goodwood-alla-nuova-maternita-a-poitiers\/#breadcrumb","itemListElement":[{"@type":"ListItem","position":1,"name":"Accueil","item":"https:\/\/www.tlv.fr\/it\/"},{"@type":"ListItem","position":2,"name":"DAI CONCETTI ARCHITETTONICO GOODWOOD ALLA NUOVA MATERNITA\u2019 A POITIERS"}]},{"@type":"WebSite","@id":"https:\/\/www.tlv.fr\/#website","url":"https:\/\/www.tlv.fr\/","name":"TLV healthcare","description":"Progettista e produttore francese di unit\u00e0 e apparecchiature di illuminazione per ospedali","potentialAction":[{"@type":"SearchAction","target":{"@type":"EntryPoint","urlTemplate":"https:\/\/www.tlv.fr\/?s={search_term_string}"},"query-input":{"@type":"PropertyValueSpecification","valueRequired":true,"valueName":"search_term_string"}}],"inLanguage":"it-IT"},{"@type":"Person","@id":"https:\/\/www.tlv.fr\/#\/schema\/person\/2f85a497e752dac7d76607b3a3927edb","name":"Verdoreille","sameAs":["http:\/\/tlv.fr"],"url":"https:\/\/www.tlv.fr\/it\/author\/verdoreille\/"}]}},"_links":{"self":[{"href":"https:\/\/www.tlv.fr\/it\/wp-json\/wp\/v2\/posts\/428","targetHints":{"allow":["GET"]}}],"collection":[{"href":"https:\/\/www.tlv.fr\/it\/wp-json\/wp\/v2\/posts"}],"about":[{"href":"https:\/\/www.tlv.fr\/it\/wp-json\/wp\/v2\/types\/post"}],"author":[{"embeddable":true,"href":"https:\/\/www.tlv.fr\/it\/wp-json\/wp\/v2\/users\/1"}],"replies":[{"embeddable":true,"href":"https:\/\/www.tlv.fr\/it\/wp-json\/wp\/v2\/comments?post=428"}],"version-history":[{"count":1,"href":"https:\/\/www.tlv.fr\/it\/wp-json\/wp\/v2\/posts\/428\/revisions"}],"predecessor-version":[{"id":8478,"href":"https:\/\/www.tlv.fr\/it\/wp-json\/wp\/v2\/posts\/428\/revisions\/8478"}],"wp:featuredmedia":[{"embeddable":true,"href":"https:\/\/www.tlv.fr\/it\/wp-json\/wp\/v2\/media\/336"}],"wp:attachment":[{"href":"https:\/\/www.tlv.fr\/it\/wp-json\/wp\/v2\/media?parent=428"}],"wp:term":[{"taxonomy":"category","embeddable":true,"href":"https:\/\/www.tlv.fr\/it\/wp-json\/wp\/v2\/categories?post=428"},{"taxonomy":"post_tag","embeddable":true,"href":"https:\/\/www.tlv.fr\/it\/wp-json\/wp\/v2\/tags?post=428"}],"curies":[{"name":"wp","href":"https:\/\/api.w.org\/{rel}","templated":true}]}}